{"id":2675,"date":"2016-10-30T11:45:21","date_gmt":"2016-10-30T11:45:21","guid":{"rendered":"http:\/\/www.3mango.hu\/blog\/?p=2675"},"modified":"2016-10-30T11:45:21","modified_gmt":"2016-10-30T11:45:21","slug":"mobil-munkaallomas-az-orokmozgo-szabaduszoknak","status":"publish","type":"post","link":"https:\/\/3mango.hu\/blog\/mobil-munkaallomas-az-orokmozgo-szabaduszoknak\/","title":{"rendered":"Mobil munka\u00e1llom\u00e1s az \u00f6r\u00f6kmozg\u00f3 szabad\u00fasz\u00f3knak!"},"content":{"rendered":"<p>A k\u00f6z\u00f6ss\u00e9gi munkav\u00e9gz\u00e9s \u00e9s a \u201ehot desking\u201d m\u00f3dszeren alapul\u00f3 munkahelyek sz\u00e1ma az elm\u00falt m\u00e1sf\u00e9l-k\u00e9t \u00e9vben ugr\u00e1sszer\u0171en megn\u0151tt. Pontosabban 36%-kal n\u0151t meg vil\u00e1gszerte \u00e9s a tendencia azt mutatja, hogy egyre t\u00f6bb kisv\u00e1llalkoz\u00f3 \u00e9s szabad\u00fasz\u00f3 keres v\u00e1rosk\u00f6zpontokban b\u00e9relhet\u0151 irod\u00e1kat, munka\u00e1llom\u00e1sokat, mellyel nagyobb mobilit\u00e1st, kevesebb k\u00f6t\u00f6tts\u00e9get, \u00edgy ennek megfelel\u0151en k\u00f6lts\u00e9ghat\u00e9konyabb alternat\u00edv\u00e1t tudnak el\u00e9rni.<br \/>\n<!--more--><\/p>\n<p>Ezt a tendenci\u00e1t vette \u00e9szre \u00e9s transzform\u00e1lta \u00e1t a jap\u00e1n aut\u00f3gy\u00e1rt\u00f3 c\u00e9g \u00e9s a brit sz\u00e9khely\u0171 William Hardie formatervez\u0151 diz\u00e1jner \u00e9s \u00edgy k\u00f6z\u00f6s munk\u00e1jukat f\u00e9mjelzi a Nissan e-NV200 WORKSPACe lajstromnevekkel ell\u00e1tott egyedi formatervez\u00e9s\u0171 mozg\u00f3 munka\u00e1llom\u00e1s, mely a vil\u00e1g els\u0151 100%-ban elektromos hajt\u00e1s\u00fa \u00e9s \u00fczemeltet\u00e9s\u0171 mobil irod\u00e1ja.<\/p>\n<p><a href=\"http:\/\/www.3mango.hu\/blog\/wp-content\/uploads\/2016\/10\/mozgo-munkaallomas-dizajnereknek-nemigen-magazin-001.jpg\" data-rel=\"lightbox-image-0\" data-rl_title=\"\" data-rl_caption=\"\" title=\"\"><img loading=\"lazy\" decoding=\"async\" class=\"aligncenter wp-image-2676 size-full\" src=\"http:\/\/www.3mango.hu\/blog\/wp-content\/uploads\/2016\/10\/mozgo-munkaallomas-dizajnereknek-nemigen-magazin-001.jpg\" alt=\"Mobil munka\u00e1llom\u00e1s az \u00f6r\u00f6kmozg\u00f3 szabad\u00fasz\u00f3knak! - Nemigen! Magazin\" width=\"818\" height=\"600\" srcset=\"https:\/\/3mango.hu\/blog\/wp-content\/uploads\/2016\/10\/mozgo-munkaallomas-dizajnereknek-nemigen-magazin-001.jpg 818w, https:\/\/3mango.hu\/blog\/wp-content\/uploads\/2016\/10\/mozgo-munkaallomas-dizajnereknek-nemigen-magazin-001-300x220.jpg 300w, https:\/\/3mango.hu\/blog\/wp-content\/uploads\/2016\/10\/mozgo-munkaallomas-dizajnereknek-nemigen-magazin-001-768x563.jpg 768w\" sizes=\"auto, (max-width: 818px) 100vw, 818px\" \/><\/a><\/p>\n<p>Figyelembe vett\u00e9k a k\u00f6lts\u00e9ghat\u00e9konys\u00e1g fontoss\u00e1g\u00e1t, \u00edgy a j\u00e1rm\u0171 egy kilom\u00e9terre levet\u00edtett k\u00f6lts\u00e9ge a gy\u00e1rt\u00f3k szerint leszor\u00edthat\u00f3 3 euro centre, ami a mai \u00e1rfolyamon kb. 3 Ft-nak felel meg.<\/p>\n<p>A j\u00e1rm\u0171 megalkot\u00e1sa sor\u00e1n nem csak a k\u00f6lts\u00e9ghat\u00e9konys\u00e1g volt a legfontosabb szempont, hanem hogy egy korszer\u0171, modern munka\u00e1llom\u00e1st alak\u00edtsanak ki figyelembe v\u00e9ve a munkarend vil\u00e1gszerte form\u00e1l\u00f3d\u00f3 tendenci\u00e1j\u00e1t \u00e9s ennek valamint a Nissan Intelligens Mobilit\u00e1s j\u00f6v\u0151k\u00e9p\u00e9nek a f\u00e9ny\u00e9ben sz\u00fcletett meg az aut\u00f3 ergonomikusan kialak\u00edtott bels\u0151 tere.<\/p>\n<p><a href=\"http:\/\/www.3mango.hu\/blog\/wp-content\/uploads\/2016\/10\/mozgo-munkaallomas-dizajnereknek-nemigen-magazin-004.jpg\" data-rel=\"lightbox-image-1\" data-rl_title=\"\" data-rl_caption=\"\" title=\"\"><img loading=\"lazy\" decoding=\"async\" class=\"aligncenter size-full wp-image-2679\" src=\"http:\/\/www.3mango.hu\/blog\/wp-content\/uploads\/2016\/10\/mozgo-munkaallomas-dizajnereknek-nemigen-magazin-004.jpg\" alt=\"Mobil munka\u00e1llom\u00e1s az \u00f6r\u00f6kmozg\u00f3 szabad\u00fasz\u00f3knak! - Nemigen! Magazin\" width=\"818\" height=\"593\" srcset=\"https:\/\/3mango.hu\/blog\/wp-content\/uploads\/2016\/10\/mozgo-munkaallomas-dizajnereknek-nemigen-magazin-004.jpg 818w, https:\/\/3mango.hu\/blog\/wp-content\/uploads\/2016\/10\/mozgo-munkaallomas-dizajnereknek-nemigen-magazin-004-300x217.jpg 300w, https:\/\/3mango.hu\/blog\/wp-content\/uploads\/2016\/10\/mozgo-munkaallomas-dizajnereknek-nemigen-magazin-004-768x557.jpg 768w\" sizes=\"auto, (max-width: 818px) 100vw, 818px\" \/><\/a><\/p>\n<p>Az irod\u00e1t a hely legt\u00f6k\u00e9letesebb kihaszn\u00e1lts\u00e1g\u00e1nak t\u00fckr\u00e9ben alak\u00edtott\u00e1k ki. Kihajthat\u00f3 \u00edr\u00f3asztal, \u00e9rint\u0151k\u00e9perny\u0151s sz\u00e1m\u00edt\u00f3g\u00e9p, vezet\u00e9k n\u00e9lk\u00fcli internet, mobilr\u00f3l m\u0171k\u00f6dtethet\u0151 LED-es vil\u00e1g\u00edt\u00e1s, Bluetooth\u00ae audiorendszer, mini h\u0171t\u0151 \u00e9s k\u00e1v\u00e9f\u0151z\u0151 teszi sokkal komfortosabb\u00e1 a munkav\u00e9gz\u00e9st.<\/p>\n<p><a href=\"http:\/\/www.3mango.hu\/blog\/wp-content\/uploads\/2016\/10\/mozgo-munkaallomas-dizajnereknek-nemigen-magazin-007.jpg\" data-rel=\"lightbox-image-2\" data-rl_title=\"\" data-rl_caption=\"\" title=\"\"><img loading=\"lazy\" decoding=\"async\" class=\"aligncenter size-full wp-image-2682\" src=\"http:\/\/www.3mango.hu\/blog\/wp-content\/uploads\/2016\/10\/mozgo-munkaallomas-dizajnereknek-nemigen-magazin-007.jpg\" alt=\"Mobil munka\u00e1llom\u00e1s az \u00f6r\u00f6kmozg\u00f3 szabad\u00fasz\u00f3knak! - Nemigen! Magazin\" width=\"818\" height=\"1226\" srcset=\"https:\/\/3mango.hu\/blog\/wp-content\/uploads\/2016\/10\/mozgo-munkaallomas-dizajnereknek-nemigen-magazin-007.jpg 818w, https:\/\/3mango.hu\/blog\/wp-content\/uploads\/2016\/10\/mozgo-munkaallomas-dizajnereknek-nemigen-magazin-007-200x300.jpg 200w, https:\/\/3mango.hu\/blog\/wp-content\/uploads\/2016\/10\/mozgo-munkaallomas-dizajnereknek-nemigen-magazin-007-768x1151.jpg 768w, https:\/\/3mango.hu\/blog\/wp-content\/uploads\/2016\/10\/mozgo-munkaallomas-dizajnereknek-nemigen-magazin-007-683x1024.jpg 683w\" sizes=\"auto, (max-width: 818px) 100vw, 818px\" \/><\/a><\/p>\n<p>A j\u00e1rm\u0171 lemer\u00fclt akkumul\u00e1torait 30 perc alatt lehet felt\u00f6lteni 80%-os szintre. Tov\u00e1bb\u00e1 ha \u00e9ppen egy t\u00f6lt\u0151\u00e1llom\u00e1son hagyjuk a munka\u00e1llom\u00e1sunkat, addig ker\u00e9kp\u00e1rra pattanhatunk, mely a j\u00e1rm\u0171 h\u00e1ts\u00f3 ajtaj\u00e1ban van kialak\u00edtva \u00e9s \u00f6sszecsukhat\u00f3an t\u00e1rolva.<\/p>\n<p><a href=\"http:\/\/www.3mango.hu\/blog\/wp-content\/uploads\/2016\/10\/mozgo-munkaallomas-dizajnereknek-nemigen-magazin-002.jpg\" data-rel=\"lightbox-image-3\" data-rl_title=\"\" data-rl_caption=\"\" title=\"\"><img loading=\"lazy\" decoding=\"async\" class=\"aligncenter size-full wp-image-2677\" src=\"http:\/\/www.3mango.hu\/blog\/wp-content\/uploads\/2016\/10\/mozgo-munkaallomas-dizajnereknek-nemigen-magazin-002.jpg\" alt=\"Mobil munka\u00e1llom\u00e1s az \u00f6r\u00f6kmozg\u00f3 szabad\u00fasz\u00f3knak! - Nemigen! Magazin\" width=\"818\" height=\"546\" srcset=\"https:\/\/3mango.hu\/blog\/wp-content\/uploads\/2016\/10\/mozgo-munkaallomas-dizajnereknek-nemigen-magazin-002.jpg 818w, https:\/\/3mango.hu\/blog\/wp-content\/uploads\/2016\/10\/mozgo-munkaallomas-dizajnereknek-nemigen-magazin-002-300x200.jpg 300w, https:\/\/3mango.hu\/blog\/wp-content\/uploads\/2016\/10\/mozgo-munkaallomas-dizajnereknek-nemigen-magazin-002-768x513.jpg 768w\" sizes=\"auto, (max-width: 818px) 100vw, 818px\" \/><\/a><\/p>\n<p>William Hardie a z\u00f6ld ir\u00e1nyelvek ment\u00e9n egy intelligens t\u00e9rkihaszn\u00e1l\u00e1son alapul\u00f3, energiatakar\u00e9kos technol\u00f3gi\u00e1val felszerelt, fenntarthat\u00f3 gy\u00e1rt\u00e1si m\u00f3dszert szeretett volna meg\u00e1lmodni, mely \u00e1ll\u00edtsa szerint siker\u00fclt is.<\/p>\n<p>A v\u00e9geredm\u00e9ny egy modern, komfortos iroda, mellyel energiatakar\u00e9kosan kapcsol\u00f3dhatunk \u00f6ssze a vil\u00e1ggal \u00e9s juthatunk el b\u00e1rhova!<\/p>\n\n\t\t<style type=\"text\/css\">\n\t\t\t#gallery-1 {\n\t\t\t\tmargin: auto;\n\t\t\t}\n\t\t\t#gallery-1 .gallery-item {\n\t\t\t\tfloat: left;\n\t\t\t\tmargin-top: 10px;\n\t\t\t\ttext-align: center;\n\t\t\t\twidth: 100%;\n\t\t\t}\n\t\t\t#gallery-1 img {\n\t\t\t\tborder: 2px solid #cfcfcf;\n\t\t\t}\n\t\t\t#gallery-1 .gallery-caption {\n\t\t\t\tmargin-left: 0;\n\t\t\t}\n\t\t\t\/* see gallery_shortcode() in wp-includes\/media.php *\/\n\t\t<\/style>\n\t\t<div id='gallery-1' class='gallery galleryid-2675 gallery-columns-1 gallery-size-full'><dl class='gallery-item'>\n\t\t\t<dt class='gallery-icon landscape'>\n\t\t\t\t<a href='https:\/\/3mango.hu\/blog\/wp-content\/uploads\/2016\/10\/mozgo-munkaallomas-dizajnereknek-nemigen-magazin-boritokep.jpg' title=\"\" data-rl_title=\"\" class=\"rl-gallery-link\" data-rl_caption=\"\" data-rel=\"lightbox-gallery-1\"><img loading=\"lazy\" decoding=\"async\" width=\"1000\" height=\"601\" src=\"https:\/\/3mango.hu\/blog\/wp-content\/uploads\/2016\/10\/mozgo-munkaallomas-dizajnereknek-nemigen-magazin-boritokep.jpg\" class=\"attachment-full size-full\" alt=\"Mobil munka\u00e1llom\u00e1s az \u00f6r\u00f6kmozg\u00f3 szabad\u00fasz\u00f3knak! - Nemigen! Magazin\" srcset=\"https:\/\/3mango.hu\/blog\/wp-content\/uploads\/2016\/10\/mozgo-munkaallomas-dizajnereknek-nemigen-magazin-boritokep.jpg 1000w, https:\/\/3mango.hu\/blog\/wp-content\/uploads\/2016\/10\/mozgo-munkaallomas-dizajnereknek-nemigen-magazin-boritokep-300x180.jpg 300w, https:\/\/3mango.hu\/blog\/wp-content\/uploads\/2016\/10\/mozgo-munkaallomas-dizajnereknek-nemigen-magazin-boritokep-768x462.jpg 768w, https:\/\/3mango.hu\/blog\/wp-content\/uploads\/2016\/10\/mozgo-munkaallomas-dizajnereknek-nemigen-magazin-boritokep-400x240.jpg 400w\" sizes=\"auto, (max-width: 1000px) 100vw, 1000px\" \/><\/a>\n\t\t\t<\/dt><\/dl><br style=\"clear: both\" \/><dl class='gallery-item'>\n\t\t\t<dt class='gallery-icon landscape'>\n\t\t\t\t<a href='https:\/\/3mango.hu\/blog\/wp-content\/uploads\/2016\/10\/mozgo-munkaallomas-dizajnereknek-nemigen-magazin-009.jpg' title=\"\" data-rl_title=\"\" class=\"rl-gallery-link\" data-rl_caption=\"\" data-rel=\"lightbox-gallery-1\"><img loading=\"lazy\" decoding=\"async\" width=\"818\" height=\"584\" src=\"https:\/\/3mango.hu\/blog\/wp-content\/uploads\/2016\/10\/mozgo-munkaallomas-dizajnereknek-nemigen-magazin-009.jpg\" class=\"attachment-full size-full\" alt=\"Mobil munka\u00e1llom\u00e1s az \u00f6r\u00f6kmozg\u00f3 szabad\u00fasz\u00f3knak! - Nemigen! Magazin\" srcset=\"https:\/\/3mango.hu\/blog\/wp-content\/uploads\/2016\/10\/mozgo-munkaallomas-dizajnereknek-nemigen-magazin-009.jpg 818w, https:\/\/3mango.hu\/blog\/wp-content\/uploads\/2016\/10\/mozgo-munkaallomas-dizajnereknek-nemigen-magazin-009-300x214.jpg 300w, https:\/\/3mango.hu\/blog\/wp-content\/uploads\/2016\/10\/mozgo-munkaallomas-dizajnereknek-nemigen-magazin-009-768x548.jpg 768w\" sizes=\"auto, (max-width: 818px) 100vw, 818px\" \/><\/a>\n\t\t\t<\/dt><\/dl><br style=\"clear: both\" \/><dl class='gallery-item'>\n\t\t\t<dt class='gallery-icon landscape'>\n\t\t\t\t<a href='https:\/\/3mango.hu\/blog\/wp-content\/uploads\/2016\/10\/mozgo-munkaallomas-dizajnereknek-nemigen-magazin-008.jpg' title=\"\" data-rl_title=\"\" class=\"rl-gallery-link\" data-rl_caption=\"\" data-rel=\"lightbox-gallery-1\"><img loading=\"lazy\" decoding=\"async\" width=\"818\" height=\"562\" src=\"https:\/\/3mango.hu\/blog\/wp-content\/uploads\/2016\/10\/mozgo-munkaallomas-dizajnereknek-nemigen-magazin-008.jpg\" class=\"attachment-full size-full\" alt=\"Mobil munka\u00e1llom\u00e1s az \u00f6r\u00f6kmozg\u00f3 szabad\u00fasz\u00f3knak! - Nemigen! Magazin\" srcset=\"https:\/\/3mango.hu\/blog\/wp-content\/uploads\/2016\/10\/mozgo-munkaallomas-dizajnereknek-nemigen-magazin-008.jpg 818w, https:\/\/3mango.hu\/blog\/wp-content\/uploads\/2016\/10\/mozgo-munkaallomas-dizajnereknek-nemigen-magazin-008-300x206.jpg 300w, https:\/\/3mango.hu\/blog\/wp-content\/uploads\/2016\/10\/mozgo-munkaallomas-dizajnereknek-nemigen-magazin-008-768x528.jpg 768w\" sizes=\"auto, (max-width: 818px) 100vw, 818px\" \/><\/a>\n\t\t\t<\/dt><\/dl><br style=\"clear: both\" \/><dl class='gallery-item'>\n\t\t\t<dt class='gallery-icon portrait'>\n\t\t\t\t<a href='https:\/\/3mango.hu\/blog\/wp-content\/uploads\/2016\/10\/mozgo-munkaallomas-dizajnereknek-nemigen-magazin-007.jpg' title=\"\" data-rl_title=\"\" class=\"rl-gallery-link\" data-rl_caption=\"\" data-rel=\"lightbox-gallery-1\"><img loading=\"lazy\" decoding=\"async\" width=\"818\" height=\"1226\" src=\"https:\/\/3mango.hu\/blog\/wp-content\/uploads\/2016\/10\/mozgo-munkaallomas-dizajnereknek-nemigen-magazin-007.jpg\" class=\"attachment-full size-full\" alt=\"Mobil munka\u00e1llom\u00e1s az \u00f6r\u00f6kmozg\u00f3 szabad\u00fasz\u00f3knak! - Nemigen! Magazin\" srcset=\"https:\/\/3mango.hu\/blog\/wp-content\/uploads\/2016\/10\/mozgo-munkaallomas-dizajnereknek-nemigen-magazin-007.jpg 818w, https:\/\/3mango.hu\/blog\/wp-content\/uploads\/2016\/10\/mozgo-munkaallomas-dizajnereknek-nemigen-magazin-007-200x300.jpg 200w, https:\/\/3mango.hu\/blog\/wp-content\/uploads\/2016\/10\/mozgo-munkaallomas-dizajnereknek-nemigen-magazin-007-768x1151.jpg 768w, https:\/\/3mango.hu\/blog\/wp-content\/uploads\/2016\/10\/mozgo-munkaallomas-dizajnereknek-nemigen-magazin-007-683x1024.jpg 683w\" sizes=\"auto, (max-width: 818px) 100vw, 818px\" \/><\/a>\n\t\t\t<\/dt><\/dl><br style=\"clear: both\" \/><dl class='gallery-item'>\n\t\t\t<dt class='gallery-icon landscape'>\n\t\t\t\t<a href='https:\/\/3mango.hu\/blog\/wp-content\/uploads\/2016\/10\/mozgo-munkaallomas-dizajnereknek-nemigen-magazin-006.jpg' title=\"\" data-rl_title=\"\" class=\"rl-gallery-link\" data-rl_caption=\"\" data-rel=\"lightbox-gallery-1\"><img loading=\"lazy\" decoding=\"async\" width=\"818\" height=\"546\" src=\"https:\/\/3mango.hu\/blog\/wp-content\/uploads\/2016\/10\/mozgo-munkaallomas-dizajnereknek-nemigen-magazin-006.jpg\" class=\"attachment-full size-full\" alt=\"Mobil munka\u00e1llom\u00e1s az \u00f6r\u00f6kmozg\u00f3 szabad\u00fasz\u00f3knak! - Nemigen! Magazin\" srcset=\"https:\/\/3mango.hu\/blog\/wp-content\/uploads\/2016\/10\/mozgo-munkaallomas-dizajnereknek-nemigen-magazin-006.jpg 818w, https:\/\/3mango.hu\/blog\/wp-content\/uploads\/2016\/10\/mozgo-munkaallomas-dizajnereknek-nemigen-magazin-006-300x200.jpg 300w, https:\/\/3mango.hu\/blog\/wp-content\/uploads\/2016\/10\/mozgo-munkaallomas-dizajnereknek-nemigen-magazin-006-768x513.jpg 768w\" sizes=\"auto, (max-width: 818px) 100vw, 818px\" \/><\/a>\n\t\t\t<\/dt><\/dl><br style=\"clear: both\" \/><dl class='gallery-item'>\n\t\t\t<dt class='gallery-icon landscape'>\n\t\t\t\t<a href='https:\/\/3mango.hu\/blog\/wp-content\/uploads\/2016\/10\/mozgo-munkaallomas-dizajnereknek-nemigen-magazin-005.jpg' title=\"\" data-rl_title=\"\" class=\"rl-gallery-link\" data-rl_caption=\"\" data-rel=\"lightbox-gallery-1\"><img loading=\"lazy\" decoding=\"async\" width=\"818\" height=\"546\" src=\"https:\/\/3mango.hu\/blog\/wp-content\/uploads\/2016\/10\/mozgo-munkaallomas-dizajnereknek-nemigen-magazin-005.jpg\" class=\"attachment-full size-full\" alt=\"Mobil munka\u00e1llom\u00e1s az \u00f6r\u00f6kmozg\u00f3 szabad\u00fasz\u00f3knak! - Nemigen! Magazin\" srcset=\"https:\/\/3mango.hu\/blog\/wp-content\/uploads\/2016\/10\/mozgo-munkaallomas-dizajnereknek-nemigen-magazin-005.jpg 818w, https:\/\/3mango.hu\/blog\/wp-content\/uploads\/2016\/10\/mozgo-munkaallomas-dizajnereknek-nemigen-magazin-005-300x200.jpg 300w, https:\/\/3mango.hu\/blog\/wp-content\/uploads\/2016\/10\/mozgo-munkaallomas-dizajnereknek-nemigen-magazin-005-768x513.jpg 768w\" sizes=\"auto, (max-width: 818px) 100vw, 818px\" \/><\/a>\n\t\t\t<\/dt><\/dl><br style=\"clear: both\" \/><dl class='gallery-item'>\n\t\t\t<dt class='gallery-icon landscape'>\n\t\t\t\t<a href='https:\/\/3mango.hu\/blog\/wp-content\/uploads\/2016\/10\/mozgo-munkaallomas-dizajnereknek-nemigen-magazin-003.jpg' title=\"\" data-rl_title=\"\" class=\"rl-gallery-link\" data-rl_caption=\"\" data-rel=\"lightbox-gallery-1\"><img loading=\"lazy\" decoding=\"async\" width=\"1000\" height=\"667\" src=\"https:\/\/3mango.hu\/blog\/wp-content\/uploads\/2016\/10\/mozgo-munkaallomas-dizajnereknek-nemigen-magazin-003.jpg\" class=\"attachment-full size-full\" alt=\"Mobil munka\u00e1llom\u00e1s az \u00f6r\u00f6kmozg\u00f3 szabad\u00fasz\u00f3knak! - Nemigen! Magazin\" srcset=\"https:\/\/3mango.hu\/blog\/wp-content\/uploads\/2016\/10\/mozgo-munkaallomas-dizajnereknek-nemigen-magazin-003.jpg 1000w, https:\/\/3mango.hu\/blog\/wp-content\/uploads\/2016\/10\/mozgo-munkaallomas-dizajnereknek-nemigen-magazin-003-300x200.jpg 300w, https:\/\/3mango.hu\/blog\/wp-content\/uploads\/2016\/10\/mozgo-munkaallomas-dizajnereknek-nemigen-magazin-003-768x512.jpg 768w\" sizes=\"auto, (max-width: 1000px) 100vw, 1000px\" \/><\/a>\n\t\t\t<\/dt><\/dl><br style=\"clear: both\" \/>\n\t\t<\/div>\n\n<p><span class=\"via\">via designboom.com<\/span><\/p>\n","protected":false},"excerpt":{"rendered":"<p>A k\u00f6z\u00f6ss\u00e9gi munkav\u00e9gz\u00e9s \u00e9s a \u201ehot desking\u201d m\u00f3dszeren alapul\u00f3 munkahelyek sz\u00e1ma az elm\u00falt m\u00e1sf\u00e9l-k\u00e9t \u00e9vben ugr\u00e1sszer\u0171en megn\u0151tt. Pontosabban 36%-kal n\u0151t meg vil\u00e1gszerte \u00e9s a tendencia azt mutatja, hogy egyre t\u00f6bb kisv\u00e1llalkoz\u00f3 \u00e9s szabad\u00fasz\u00f3 keres v\u00e1rosk\u00f6zpontokban b\u00e9relhet\u0151 irod\u00e1kat, munka\u00e1llom\u00e1sokat, mellyel nagyobb mobilit\u00e1st, kevesebb k\u00f6t\u00f6tts\u00e9get, \u00edgy ennek megfelel\u0151en k\u00f6lts\u00e9ghat\u00e9konyabb alternat\u00edv\u00e1t tudnak el\u00e9rni.<\/p>\n","protected":false},"author":1,"featured_media":2678,"comment_status":"open","ping_status":"open","sticky":false,"template":"","format":"video","meta":{"footnotes":""},"categories":[118],"tags":[109,229,231,232,104,227,230,226,228,233],"class_list":["post-2675","post","type-post","status-publish","format-video","has-post-thumbnail","hentry","category-dizajn","tag-dizajn","tag-elektromos-auto","tag-energiatakarekos","tag-freelancer","tag-friss","tag-hot-desking","tag-kornyezetbarat","tag-munkaallomas","tag-nissan-e-nv200-workspace","tag-szabaduszo","post_format-post-format-video"],"yoast_head":"<!-- This site is optimized with the Yoast SEO plugin v23.0 - https:\/\/yoast.com\/wordpress\/plugins\/seo\/ -->\n<title>Mobil munka\u00e1llom\u00e1s az \u00f6r\u00f6kmozg\u00f3 szabad\u00fasz\u00f3knak! - 3Mang\u00f3 - Magazin<\/title>\n<meta name=\"robots\" content=\"index, follow, max-snippet:-1, max-image-preview:large, max-video-preview:-1\" \/>\n<link rel=\"canonical\" href=\"https:\/\/3mango.hu\/blog\/mobil-munkaallomas-az-orokmozgo-szabaduszoknak\/\" \/>\n<meta property=\"og:locale\" content=\"hu_HU\" \/>\n<meta property=\"og:type\" content=\"article\" \/>\n<meta property=\"og:title\" content=\"Mobil munka\u00e1llom\u00e1s az \u00f6r\u00f6kmozg\u00f3 szabad\u00fasz\u00f3knak! - 3Mang\u00f3 - Magazin\" \/>\n<meta property=\"og:description\" content=\"A k\u00f6z\u00f6ss\u00e9gi munkav\u00e9gz\u00e9s \u00e9s a \u201ehot desking\u201d m\u00f3dszeren alapul\u00f3 munkahelyek sz\u00e1ma az elm\u00falt m\u00e1sf\u00e9l-k\u00e9t \u00e9vben ugr\u00e1sszer\u0171en megn\u0151tt. Pontosabban 36%-kal n\u0151t meg vil\u00e1gszerte \u00e9s a tendencia azt mutatja, hogy egyre t\u00f6bb kisv\u00e1llalkoz\u00f3 \u00e9s szabad\u00fasz\u00f3 keres v\u00e1rosk\u00f6zpontokban b\u00e9relhet\u0151 irod\u00e1kat, munka\u00e1llom\u00e1sokat, mellyel nagyobb mobilit\u00e1st, kevesebb k\u00f6t\u00f6tts\u00e9get, \u00edgy ennek megfelel\u0151en k\u00f6lts\u00e9ghat\u00e9konyabb alternat\u00edv\u00e1t tudnak el\u00e9rni.\" \/>\n<meta property=\"og:url\" content=\"https:\/\/3mango.hu\/blog\/mobil-munkaallomas-az-orokmozgo-szabaduszoknak\/\" \/>\n<meta property=\"og:site_name\" content=\"3Mang\u00f3 - Magazin\" \/>\n<meta property=\"article:author\" content=\"https:\/\/www.facebook.com\/3mango\/\" \/>\n<meta property=\"article:published_time\" content=\"2016-10-30T11:45:21+00:00\" \/>\n<meta property=\"og:image\" content=\"http:\/\/www.3mango.hu\/blog\/wp-content\/uploads\/2016\/10\/mozgo-munkaallomas-dizajnereknek-nemigen-magazin-003.jpg\" \/>\n<meta name=\"author\" content=\"Attila\" \/>\n<meta name=\"twitter:card\" content=\"summary_large_image\" \/>\n<meta name=\"twitter:image\" content=\"http:\/\/www.3mango.hu\/blog\/wp-content\/uploads\/2016\/10\/mozgo-munkaallomas-dizajnereknek-nemigen-magazin-003.jpg\" \/>\n<meta name=\"twitter:creator\" content=\"@https:\/\/twitter.com\/3mangobudapest\" \/>\n<meta name=\"twitter:label1\" content=\"Szerz\u0151:\" \/>\n\t<meta name=\"twitter:data1\" content=\"Attila\" \/>\n\t<meta name=\"twitter:label2\" content=\"Becs\u00fclt olvas\u00e1si id\u0151\" \/>\n\t<meta name=\"twitter:data2\" content=\"2 perc\" \/>\n<script type=\"application\/ld+json\" class=\"yoast-schema-graph\">{\"@context\":\"https:\/\/schema.org\",\"@graph\":[{\"@type\":\"WebPage\",\"@id\":\"https:\/\/3mango.hu\/blog\/mobil-munkaallomas-az-orokmozgo-szabaduszoknak\/\",\"url\":\"https:\/\/3mango.hu\/blog\/mobil-munkaallomas-az-orokmozgo-szabaduszoknak\/\",\"name\":\"Mobil munka\u00e1llom\u00e1s az \u00f6r\u00f6kmozg\u00f3 szabad\u00fasz\u00f3knak! - 3Mang\u00f3 - Magazin\",\"isPartOf\":{\"@id\":\"https:\/\/3mango.hu\/blog\/#website\"},\"primaryImageOfPage\":{\"@id\":\"https:\/\/3mango.hu\/blog\/mobil-munkaallomas-az-orokmozgo-szabaduszoknak\/#primaryimage\"},\"image\":{\"@id\":\"https:\/\/3mango.hu\/blog\/mobil-munkaallomas-az-orokmozgo-szabaduszoknak\/#primaryimage\"},\"thumbnailUrl\":\"https:\/\/3mango.hu\/blog\/wp-content\/uploads\/2016\/10\/mozgo-munkaallomas-dizajnereknek-nemigen-magazin-003.jpg\",\"datePublished\":\"2016-10-30T11:45:21+00:00\",\"dateModified\":\"2016-10-30T11:45:21+00:00\",\"author\":{\"@id\":\"https:\/\/3mango.hu\/blog\/#\/schema\/person\/c7fed2051767349f4f84aa1493aeb595\"},\"breadcrumb\":{\"@id\":\"https:\/\/3mango.hu\/blog\/mobil-munkaallomas-az-orokmozgo-szabaduszoknak\/#breadcrumb\"},\"inLanguage\":\"hu\",\"potentialAction\":[{\"@type\":\"ReadAction\",\"target\":[\"https:\/\/3mango.hu\/blog\/mobil-munkaallomas-az-orokmozgo-szabaduszoknak\/\"]}]},{\"@type\":\"ImageObject\",\"inLanguage\":\"hu\",\"@id\":\"https:\/\/3mango.hu\/blog\/mobil-munkaallomas-az-orokmozgo-szabaduszoknak\/#primaryimage\",\"url\":\"https:\/\/3mango.hu\/blog\/wp-content\/uploads\/2016\/10\/mozgo-munkaallomas-dizajnereknek-nemigen-magazin-003.jpg\",\"contentUrl\":\"https:\/\/3mango.hu\/blog\/wp-content\/uploads\/2016\/10\/mozgo-munkaallomas-dizajnereknek-nemigen-magazin-003.jpg\",\"width\":1000,\"height\":667,\"caption\":\"Mobil munka\u00e1llom\u00e1s az \u00f6r\u00f6kmozg\u00f3 szabad\u00fasz\u00f3knak! - Nemigen! Magazin\"},{\"@type\":\"BreadcrumbList\",\"@id\":\"https:\/\/3mango.hu\/blog\/mobil-munkaallomas-az-orokmozgo-szabaduszoknak\/#breadcrumb\",\"itemListElement\":[{\"@type\":\"ListItem\",\"position\":1,\"name\":\"Home\",\"item\":\"https:\/\/3mango.hu\/blog\/\"},{\"@type\":\"ListItem\",\"position\":2,\"name\":\"Mobil munka\u00e1llom\u00e1s az \u00f6r\u00f6kmozg\u00f3 szabad\u00fasz\u00f3knak!\"}]},{\"@type\":\"WebSite\",\"@id\":\"https:\/\/3mango.hu\/blog\/#website\",\"url\":\"https:\/\/3mango.hu\/blog\/\",\"name\":\"3Mang\u00f3 - Magazin\",\"description\":\"Design, typo, grafikai tervez\u00e9s, kiadv\u00e1nytervez\u00e9s\",\"potentialAction\":[{\"@type\":\"SearchAction\",\"target\":{\"@type\":\"EntryPoint\",\"urlTemplate\":\"https:\/\/3mango.hu\/blog\/?s={search_term_string}\"},\"query-input\":\"required name=search_term_string\"}],\"inLanguage\":\"hu\"},{\"@type\":\"Person\",\"@id\":\"https:\/\/3mango.hu\/blog\/#\/schema\/person\/c7fed2051767349f4f84aa1493aeb595\",\"name\":\"Attila\",\"image\":{\"@type\":\"ImageObject\",\"inLanguage\":\"hu\",\"@id\":\"https:\/\/3mango.hu\/blog\/#\/schema\/person\/image\/\",\"url\":\"https:\/\/secure.gravatar.com\/avatar\/21b4df54896f0832ae4340fda4ce5575d69e45db7e6d8bfc8f1c040638a81883?s=96&d=mm&r=g\",\"contentUrl\":\"https:\/\/secure.gravatar.com\/avatar\/21b4df54896f0832ae4340fda4ce5575d69e45db7e6d8bfc8f1c040638a81883?s=96&d=mm&r=g\",\"caption\":\"Attila\"},\"description\":\"Attila t\u00f6bb, mint 12 \u00e9ve tervez\u0151grafikus \u00e9s tipografom\u00e1n. Mesterien lav\u00edroz a megrendel\u0151 ig\u00e9nyei \u00e9s az aktu\u00e1lis trendek k\u00f6z\u00f6tt, hogy a vezet\u0151 st\u00edlusvonalakat k\u00f6vetve \u00edzl\u00e9ses, vizu\u00e1lisan lehengerl\u0151 \u00e9s marketing-szempontb\u00f3l is hat\u00e9kony munk\u00e1t adjon ki a kez\u00e9b\u0151l. Sebess\u00e9ge \u00e9s t\u00fcrelme utol\u00e9rhetetlen.\",\"sameAs\":[\"http:\/\/3mango.hu\",\"https:\/\/www.facebook.com\/3mango\/\",\"https:\/\/x.com\/https:\/\/twitter.com\/3mangobudapest\"],\"url\":\"https:\/\/3mango.hu\/blog\/author\/armin\/\"}]}<\/script>\n<!-- \/ Yoast SEO plugin. -->","yoast_head_json":{"title":"Mobil munka\u00e1llom\u00e1s az \u00f6r\u00f6kmozg\u00f3 szabad\u00fasz\u00f3knak! - 3Mang\u00f3 - Magazin","robots":{"index":"index","follow":"follow","max-snippet":"max-snippet:-1","max-image-preview":"max-image-preview:large","max-video-preview":"max-video-preview:-1"},"canonical":"https:\/\/3mango.hu\/blog\/mobil-munkaallomas-az-orokmozgo-szabaduszoknak\/","og_locale":"hu_HU","og_type":"article","og_title":"Mobil munka\u00e1llom\u00e1s az \u00f6r\u00f6kmozg\u00f3 szabad\u00fasz\u00f3knak! - 3Mang\u00f3 - Magazin","og_description":"A k\u00f6z\u00f6ss\u00e9gi munkav\u00e9gz\u00e9s \u00e9s a \u201ehot desking\u201d m\u00f3dszeren alapul\u00f3 munkahelyek sz\u00e1ma az elm\u00falt m\u00e1sf\u00e9l-k\u00e9t \u00e9vben ugr\u00e1sszer\u0171en megn\u0151tt. Pontosabban 36%-kal n\u0151t meg vil\u00e1gszerte \u00e9s a tendencia azt mutatja, hogy egyre t\u00f6bb kisv\u00e1llalkoz\u00f3 \u00e9s szabad\u00fasz\u00f3 keres v\u00e1rosk\u00f6zpontokban b\u00e9relhet\u0151 irod\u00e1kat, munka\u00e1llom\u00e1sokat, mellyel nagyobb mobilit\u00e1st, kevesebb k\u00f6t\u00f6tts\u00e9get, \u00edgy ennek megfelel\u0151en k\u00f6lts\u00e9ghat\u00e9konyabb alternat\u00edv\u00e1t tudnak el\u00e9rni.","og_url":"https:\/\/3mango.hu\/blog\/mobil-munkaallomas-az-orokmozgo-szabaduszoknak\/","og_site_name":"3Mang\u00f3 - Magazin","article_author":"https:\/\/www.facebook.com\/3mango\/","article_published_time":"2016-10-30T11:45:21+00:00","og_image":[{"url":"http:\/\/www.3mango.hu\/blog\/wp-content\/uploads\/2016\/10\/mozgo-munkaallomas-dizajnereknek-nemigen-magazin-003.jpg"}],"author":"Attila","twitter_card":"summary_large_image","twitter_image":"http:\/\/www.3mango.hu\/blog\/wp-content\/uploads\/2016\/10\/mozgo-munkaallomas-dizajnereknek-nemigen-magazin-003.jpg","twitter_creator":"@https:\/\/twitter.com\/3mangobudapest","twitter_misc":{"Szerz\u0151:":"Attila","Becs\u00fclt olvas\u00e1si id\u0151":"2 perc"},"schema":{"@context":"https:\/\/schema.org","@graph":[{"@type":"WebPage","@id":"https:\/\/3mango.hu\/blog\/mobil-munkaallomas-az-orokmozgo-szabaduszoknak\/","url":"https:\/\/3mango.hu\/blog\/mobil-munkaallomas-az-orokmozgo-szabaduszoknak\/","name":"Mobil munka\u00e1llom\u00e1s az \u00f6r\u00f6kmozg\u00f3 szabad\u00fasz\u00f3knak! - 3Mang\u00f3 - Magazin","isPartOf":{"@id":"https:\/\/3mango.hu\/blog\/#website"},"primaryImageOfPage":{"@id":"https:\/\/3mango.hu\/blog\/mobil-munkaallomas-az-orokmozgo-szabaduszoknak\/#primaryimage"},"image":{"@id":"https:\/\/3mango.hu\/blog\/mobil-munkaallomas-az-orokmozgo-szabaduszoknak\/#primaryimage"},"thumbnailUrl":"https:\/\/3mango.hu\/blog\/wp-content\/uploads\/2016\/10\/mozgo-munkaallomas-dizajnereknek-nemigen-magazin-003.jpg","datePublished":"2016-10-30T11:45:21+00:00","dateModified":"2016-10-30T11:45:21+00:00","author":{"@id":"https:\/\/3mango.hu\/blog\/#\/schema\/person\/c7fed2051767349f4f84aa1493aeb595"},"breadcrumb":{"@id":"https:\/\/3mango.hu\/blog\/mobil-munkaallomas-az-orokmozgo-szabaduszoknak\/#breadcrumb"},"inLanguage":"hu","potentialAction":[{"@type":"ReadAction","target":["https:\/\/3mango.hu\/blog\/mobil-munkaallomas-az-orokmozgo-szabaduszoknak\/"]}]},{"@type":"ImageObject","inLanguage":"hu","@id":"https:\/\/3mango.hu\/blog\/mobil-munkaallomas-az-orokmozgo-szabaduszoknak\/#primaryimage","url":"https:\/\/3mango.hu\/blog\/wp-content\/uploads\/2016\/10\/mozgo-munkaallomas-dizajnereknek-nemigen-magazin-003.jpg","contentUrl":"https:\/\/3mango.hu\/blog\/wp-content\/uploads\/2016\/10\/mozgo-munkaallomas-dizajnereknek-nemigen-magazin-003.jpg","width":1000,"height":667,"caption":"Mobil munka\u00e1llom\u00e1s az \u00f6r\u00f6kmozg\u00f3 szabad\u00fasz\u00f3knak! - Nemigen! Magazin"},{"@type":"BreadcrumbList","@id":"https:\/\/3mango.hu\/blog\/mobil-munkaallomas-az-orokmozgo-szabaduszoknak\/#breadcrumb","itemListElement":[{"@type":"ListItem","position":1,"name":"Home","item":"https:\/\/3mango.hu\/blog\/"},{"@type":"ListItem","position":2,"name":"Mobil munka\u00e1llom\u00e1s az \u00f6r\u00f6kmozg\u00f3 szabad\u00fasz\u00f3knak!"}]},{"@type":"WebSite","@id":"https:\/\/3mango.hu\/blog\/#website","url":"https:\/\/3mango.hu\/blog\/","name":"3Mang\u00f3 - Magazin","description":"Design, typo, grafikai tervez\u00e9s, kiadv\u00e1nytervez\u00e9s","potentialAction":[{"@type":"SearchAction","target":{"@type":"EntryPoint","urlTemplate":"https:\/\/3mango.hu\/blog\/?s={search_term_string}"},"query-input":"required name=search_term_string"}],"inLanguage":"hu"},{"@type":"Person","@id":"https:\/\/3mango.hu\/blog\/#\/schema\/person\/c7fed2051767349f4f84aa1493aeb595","name":"Attila","image":{"@type":"ImageObject","inLanguage":"hu","@id":"https:\/\/3mango.hu\/blog\/#\/schema\/person\/image\/","url":"https:\/\/secure.gravatar.com\/avatar\/21b4df54896f0832ae4340fda4ce5575d69e45db7e6d8bfc8f1c040638a81883?s=96&d=mm&r=g","contentUrl":"https:\/\/secure.gravatar.com\/avatar\/21b4df54896f0832ae4340fda4ce5575d69e45db7e6d8bfc8f1c040638a81883?s=96&d=mm&r=g","caption":"Attila"},"description":"Attila t\u00f6bb, mint 12 \u00e9ve tervez\u0151grafikus \u00e9s tipografom\u00e1n. Mesterien lav\u00edroz a megrendel\u0151 ig\u00e9nyei \u00e9s az aktu\u00e1lis trendek k\u00f6z\u00f6tt, hogy a vezet\u0151 st\u00edlusvonalakat k\u00f6vetve \u00edzl\u00e9ses, vizu\u00e1lisan lehengerl\u0151 \u00e9s marketing-szempontb\u00f3l is hat\u00e9kony munk\u00e1t adjon ki a kez\u00e9b\u0151l. Sebess\u00e9ge \u00e9s t\u00fcrelme utol\u00e9rhetetlen.","sameAs":["http:\/\/3mango.hu","https:\/\/www.facebook.com\/3mango\/","https:\/\/x.com\/https:\/\/twitter.com\/3mangobudapest"],"url":"https:\/\/3mango.hu\/blog\/author\/armin\/"}]}},"_links":{"self":[{"href":"https:\/\/3mango.hu\/blog\/wp-json\/wp\/v2\/posts\/2675","targetHints":{"allow":["GET"]}}],"collection":[{"href":"https:\/\/3mango.hu\/blog\/wp-json\/wp\/v2\/posts"}],"about":[{"href":"https:\/\/3mango.hu\/blog\/wp-json\/wp\/v2\/types\/post"}],"author":[{"embeddable":true,"href":"https:\/\/3mango.hu\/blog\/wp-json\/wp\/v2\/users\/1"}],"replies":[{"embeddable":true,"href":"https:\/\/3mango.hu\/blog\/wp-json\/wp\/v2\/comments?post=2675"}],"version-history":[{"count":3,"href":"https:\/\/3mango.hu\/blog\/wp-json\/wp\/v2\/posts\/2675\/revisions"}],"predecessor-version":[{"id":2688,"href":"https:\/\/3mango.hu\/blog\/wp-json\/wp\/v2\/posts\/2675\/revisions\/2688"}],"wp:featuredmedia":[{"embeddable":true,"href":"https:\/\/3mango.hu\/blog\/wp-json\/wp\/v2\/media\/2678"}],"wp:attachment":[{"href":"https:\/\/3mango.hu\/blog\/wp-json\/wp\/v2\/media?parent=2675"}],"wp:term":[{"taxonomy":"category","embeddable":true,"href":"https:\/\/3mango.hu\/blog\/wp-json\/wp\/v2\/categories?post=2675"},{"taxonomy":"post_tag","embeddable":true,"href":"https:\/\/3mango.hu\/blog\/wp-json\/wp\/v2\/tags?post=2675"}],"curies":[{"name":"wp","href":"https:\/\/api.w.org\/{rel}","templated":true}]}}